{"id":3779,"date":"2022-06-16T17:42:34","date_gmt":"2022-06-16T17:42:34","guid":{"rendered":"https:\/\/processtalks.com\/process-talks-anuncia-el-tancament-de-la-seva-ronda-previa-per-a-lautomatitzacio-de-processos-basada-en-converses\/"},"modified":"2023-01-03T14:59:57","modified_gmt":"2023-01-03T14:59:57","slug":"process-talks-anuncia-el-tancament-de-la-seva-ronda-previa-per-a-lautomatitzacio-de-processos-basada-en-converses","status":"publish","type":"post","link":"https:\/\/processtalks.com\/ca\/process-talks-anuncia-el-tancament-de-la-seva-ronda-previa-per-a-lautomatitzacio-de-processos-basada-en-converses\/","title":{"rendered":"Process Talks anuncia el tancament de la seva ronda pr\u00e8via per a l&#8217;automatitzaci\u00f3 de processos basada en converses"},"content":{"rendered":"\t\t<div data-elementor-type=\"wp-post\" data-elementor-id=\"3779\" class=\"elementor elementor-3779 elementor-3782\" data-elementor-post-type=\"post\">\n\t\t\t\t\t\t<section class=\"elementor-section elementor-top-section elementor-element elementor-element-41a15109 elementor-section-boxed elementor-section-height-default elementor-section-height-default\" data-id=\"41a15109\" data-element_type=\"section\" data-e-type=\"section\" data-settings=\"{&quot;jet_parallax_layout_list&quot;:[]}\">\n\t\t\t\t\t\t<div class=\"elementor-container elementor-column-gap-default\">\n\t\t\t\t\t<div class=\"elementor-column elementor-col-100 elementor-top-column elementor-element elementor-element-289097a5\" data-id=\"289097a5\" data-element_type=\"column\" data-e-type=\"column\">\n\t\t\t<div class=\"elementor-widget-wrap elementor-element-populated\">\n\t\t\t\t\t\t<div class=\"elementor-element elementor-element-149f0a03 elementor-widget elementor-widget-text-editor\" data-id=\"149f0a03\" data-element_type=\"widget\" data-e-type=\"widget\" data-widget_type=\"text-editor.default\">\n\t\t\t\t<div class=\"elementor-widget-container\">\n\t\t\t\t\t\t\t\t\t<h3 id=\"b81f\" class=\"graf graf--h3 graf--leading graf--title\">Process Talks anuncia el tancament de la seva ronda pr\u00e8via per a l&#8217;automatitzaci\u00f3 de processos basada en converses<\/h3>\n<p id=\"f25d\" class=\"graf graf--p graf-after--h3\">Ens complau anunciar que hem recaptat 167.000 \u20ac de finan\u00e7ament pre seed en una ronda liderada per <a class=\"markup--anchor markup--p-anchor\" href=\"https:\/\/growventurepartners.com\/ca\/emprenedoria-de-technologia-avancada\/\" target=\"_blank\" rel=\"noopener\" data-href=\"https:\/\/growventurepartners.com\/ca\/emprenedoria-de-technologia-avancada\/\">Grow Venture Partners<\/a> , amb la participaci\u00f3 de <a class=\"markup--anchor markup--p-anchor\" href=\"https:\/\/brainvcfund.com\/\" target=\"_blank\" rel=\"noopener\" data-href=\"https:\/\/brainvcfund.com\/\">Brain VC Fund<\/a> , juntament amb altres empreses del sector com <a class=\"markup--anchor markup--p-anchor\" href=\"https:\/\/iterem.com\/en\/\" target=\"_blank\" rel=\"noopener\" data-href=\"https:\/\/iterem.com\/en\/\">Iterem<\/a> , i diversos business angels. Grow Venture Partners inverteix en empreses deep-tech amb un clar avantatge competitiu basat en la Propietat Intel\u00b7lectual desenvolupada en centres de recerca i universitats.<\/p>\n<p id=\"5b75\" class=\"graf graf--p graf-after--p\"><strong class=\"markup--strong markup--p-strong\">Qu\u00e8 significa aix\u00f2<\/strong><\/p>\n<p id=\"fef7\" class=\"graf graf--p graf-after--p\">Aquesta inversi\u00f3 ens refor\u00e7a la nostra missi\u00f3 de construir tecnologia conversacional per automatitzar processos al nucli de l&#8217;activitat di\u00e0ria de les organitzacions i dels individus. Concretament, aquest finan\u00e7ament s&#8217;utilitzar\u00e0 per desplegar la nostra plataforma al n\u00favol SaaS. Amb la nostra plataforma, tothom, independentment de la seva formaci\u00f3 t\u00e8cnica, podr\u00e0 automatitzar la majoria de les seves tasques tedioses, repetitives i manuals realitzades com a part de la seva activitat inform\u00e0tica di\u00e0ria, que pot implicar connectar fluxos i processos de dades a trav\u00e9s de diferents aplicacions.<\/p>\n<p id=\"6c9e\" class=\"graf graf--p graf-after--p\">Comen\u00e7arem el nostre viatge centrant-nos en el mercat de les pimes, que est\u00e0 clarament <a class=\"markup--anchor markup--p-anchor\" href=\"\/process-automation-for-smes-e8db84fb19f5\" rel=\"noopener\" data-href=\"https:\/\/medium.com\/process-talks\/process-automation-for-smes-e8db84fb19f5\">lluitant per adoptar pr\u00e0ctiques d&#8217;automatitzaci\u00f3 i digitalitzaci\u00f3<\/a> .<\/p>\n<p id=\"e431\" class=\"graf graf--p graf-after--p\"><strong class=\"markup--strong markup--p-strong\">Propers passos<\/strong><\/p>\n<p id=\"b83e\" class=\"graf graf--p graf-after--p graf--trailing\">Tenim previst llan\u00e7ar la nostra primera versi\u00f3 de la plataforma l&#8217;\u00faltim trimestre d&#8217;aquest any, quan estaran disponibles les principals caracter\u00edstiques de la nostra tecnologia. Estigueu atents i si us interessa saber-ne m\u00e9s, poseu-vos en <a class=\"markup--anchor markup--p-anchor\" href=\"\/#contact\" rel=\"noopener ugc nofollow\" data-href=\"https:\/\/calendly.com\/processtalks\/15\">contacte amb nosaltres<\/a> .<\/p>\t\t\t\t\t\t\t\t<\/div>\n\t\t\t\t<\/div>\n\t\t\t\t\t<\/div>\n\t\t<\/div>\n\t\t\t\t\t<\/div>\n\t\t<\/section>\n\t\t\t\t<\/div>\n\t\t","protected":false},"excerpt":{"rendered":"<p>Process Talks anuncia el tancament de la seva ronda pr\u00e8via per a l&#8217;automatitzaci\u00f3 de processos basada en converses Ens complau anunciar que hem recaptat 167.000 \u20ac de finan\u00e7ament pre seed en una ronda liderada per Grow Venture Partners , amb la participaci\u00f3 de Brain VC Fund , juntament amb altres empreses del sector com Iterem [&hellip;]<\/p>\n","protected":false},"author":14,"featured_media":3629,"comment_status":"closed","ping_status":"closed","sticky":false,"template":"","format":"standard","meta":{"ocean_post_layout":"","ocean_both_sidebars_style":"","ocean_both_sidebars_content_width":0,"ocean_both_sidebars_sidebars_width":0,"ocean_sidebar":"0","ocean_second_sidebar":"0","ocean_disable_margins":"enable","ocean_add_body_class":"","ocean_shortcode_before_top_bar":"","ocean_shortcode_after_top_bar":"","ocean_shortcode_before_header":"","ocean_shortcode_after_header":"","ocean_has_shortcode":"","ocean_shortcode_after_title":"","ocean_shortcode_before_footer_widgets":"","ocean_shortcode_after_footer_widgets":"","ocean_shortcode_before_footer_bottom":"","ocean_shortcode_after_footer_bottom":"","ocean_display_top_bar":"default","ocean_display_header":"default","ocean_header_style":"","ocean_center_header_left_menu":"0","ocean_custom_header_template":"0","ocean_custom_logo":0,"ocean_custom_retina_logo":0,"ocean_custom_logo_max_width":0,"ocean_custom_logo_tablet_max_width":0,"ocean_custom_logo_mobile_max_width":0,"ocean_custom_logo_max_height":0,"ocean_custom_logo_tablet_max_height":0,"ocean_custom_logo_mobile_max_height":0,"ocean_header_custom_menu":"0","ocean_menu_typo_font_family":"0","ocean_menu_typo_font_subset":"","ocean_menu_typo_font_size":0,"ocean_menu_typo_font_size_tablet":0,"ocean_menu_typo_font_size_mobile":0,"ocean_menu_typo_font_size_unit":"px","ocean_menu_typo_font_weight":"","ocean_menu_typo_font_weight_tablet":"","ocean_menu_typo_font_weight_mobile":"","ocean_menu_typo_transform":"","ocean_menu_typo_transform_tablet":"","ocean_menu_typo_transform_mobile":"","ocean_menu_typo_line_height":0,"ocean_menu_typo_line_height_tablet":0,"ocean_menu_typo_line_height_mobile":0,"ocean_menu_typo_line_height_unit":"","ocean_menu_typo_spacing":0,"ocean_menu_typo_spacing_tablet":0,"ocean_menu_typo_spacing_mobile":0,"ocean_menu_typo_spacing_unit":"","ocean_menu_link_color":"","ocean_menu_link_color_hover":"","ocean_menu_link_color_active":"","ocean_menu_link_background":"","ocean_menu_link_hover_background":"","ocean_menu_link_active_background":"","ocean_menu_social_links_bg":"","ocean_menu_social_hover_links_bg":"","ocean_menu_social_links_color":"","ocean_menu_social_hover_links_color":"","ocean_disable_title":"default","ocean_disable_heading":"default","ocean_post_title":"","ocean_post_subheading":"","ocean_post_title_style":"","ocean_post_title_background_color":"","ocean_post_title_background":0,"ocean_post_title_bg_image_position":"","ocean_post_title_bg_image_attachment":"","ocean_post_title_bg_image_repeat":"","ocean_post_title_bg_image_size":"","ocean_post_title_height":0,"ocean_post_title_bg_overlay":0.5,"ocean_post_title_bg_overlay_color":"","ocean_disable_breadcrumbs":"default","ocean_breadcrumbs_color":"","ocean_breadcrumbs_separator_color":"","ocean_breadcrumbs_links_color":"","ocean_breadcrumbs_links_hover_color":"","ocean_display_footer_widgets":"default","ocean_display_footer_bottom":"default","ocean_custom_footer_template":"0","ocean_post_oembed":"","ocean_post_self_hosted_media":"","ocean_post_video_embed":"","ocean_link_format":"","ocean_link_format_target":"self","ocean_quote_format":"","ocean_quote_format_link":"post","ocean_gallery_link_images":"on","ocean_gallery_id":[],"footnotes":""},"categories":[29],"tags":[],"class_list":["post-3779","post","type-post","status-publish","format-standard","has-post-thumbnail","hentry","category-uncategorized-ca","entry","has-media"],"yoast_head":"<!-- This site is optimized with the Yoast SEO plugin v27.5 - https:\/\/yoast.com\/product\/yoast-seo-wordpress\/ -->\n<title>Process Talks anuncia el tancament de la seva ronda pr\u00e8via per a l&#039;automatitzaci\u00f3 de processos basada en converses - Process Talks<\/title>\n<meta name=\"description\" content=\"Process Talks anuncia el tancament de la seva ronda pr\u00e8via per a l&#039;automatitzaci\u00f3 de processos basada en converses\" \/>\n<meta name=\"robots\" content=\"index, follow, max-snippet:-1, max-image-preview:large, max-video-preview:-1\" \/>\n<link rel=\"canonical\" href=\"https:\/\/processtalks.com\/process-talks-anuncia-el-cierre-de-su-ronda-de-pre-semilla-para-la-automatizacion-de-procesos-basada-en-la-conversacion\/\" \/>\n<meta property=\"og:locale\" content=\"ca_ES\" \/>\n<meta property=\"og:type\" content=\"article\" \/>\n<meta property=\"og:title\" content=\"Process Talks anuncia el tancament de la seva ronda pr\u00e8via per a l&#039;automatitzaci\u00f3 de processos basada en converses - Process Talks\" \/>\n<meta property=\"og:description\" content=\"Process Talks anuncia el tancament de la seva ronda pr\u00e8via per a l&#039;automatitzaci\u00f3 de processos basada en converses\" \/>\n<meta property=\"og:url\" content=\"https:\/\/processtalks.com\/process-talks-anuncia-el-cierre-de-su-ronda-de-pre-semilla-para-la-automatizacion-de-procesos-basada-en-la-conversacion\/\" \/>\n<meta property=\"og:site_name\" content=\"Process Talks\" \/>\n<meta property=\"article:published_time\" content=\"2022-06-16T17:42:34+00:00\" \/>\n<meta property=\"article:modified_time\" content=\"2023-01-03T14:59:57+00:00\" \/>\n<meta property=\"og:image\" content=\"https:\/\/processtalks.com\/wp-content\/uploads\/2022\/11\/img28.jpg\" \/>\n\t<meta property=\"og:image:width\" content=\"1606\" \/>\n\t<meta property=\"og:image:height\" content=\"1074\" \/>\n\t<meta property=\"og:image:type\" content=\"image\/jpeg\" \/>\n<meta name=\"author\" content=\"web-designer\" \/>\n<meta name=\"twitter:card\" content=\"summary_large_image\" \/>\n<meta name=\"twitter:label1\" content=\"Escrit per\" \/>\n\t<meta name=\"twitter:data1\" content=\"web-designer\" \/>\n\t<meta name=\"twitter:label2\" content=\"Temps estimat de lectura\" \/>\n\t<meta name=\"twitter:data2\" content=\"2 minuts\" \/>\n<script type=\"application\/ld+json\" class=\"yoast-schema-graph\">{\"@context\":\"https:\\\/\\\/schema.org\",\"@graph\":[{\"@type\":\"Article\",\"@id\":\"https:\\\/\\\/processtalks.com\\\/process-talks-anuncia-el-cierre-de-su-ronda-de-pre-semilla-para-la-automatizacion-de-procesos-basada-en-la-conversacion\\\/#article\",\"isPartOf\":{\"@id\":\"https:\\\/\\\/processtalks.com\\\/process-talks-anuncia-el-cierre-de-su-ronda-de-pre-semilla-para-la-automatizacion-de-procesos-basada-en-la-conversacion\\\/\"},\"author\":{\"name\":\"web-designer\",\"@id\":\"https:\\\/\\\/processtalks.com\\\/#\\\/schema\\\/person\\\/fa4d5a416a5d88d77b957a359148b1a1\"},\"headline\":\"Process Talks anuncia el tancament de la seva ronda pr\u00e8via per a l&#8217;automatitzaci\u00f3 de processos basada en converses\",\"datePublished\":\"2022-06-16T17:42:34+00:00\",\"dateModified\":\"2023-01-03T14:59:57+00:00\",\"mainEntityOfPage\":{\"@id\":\"https:\\\/\\\/processtalks.com\\\/process-talks-anuncia-el-cierre-de-su-ronda-de-pre-semilla-para-la-automatizacion-de-procesos-basada-en-la-conversacion\\\/\"},\"wordCount\":268,\"publisher\":{\"@id\":\"https:\\\/\\\/processtalks.com\\\/#organization\"},\"image\":{\"@id\":\"https:\\\/\\\/processtalks.com\\\/process-talks-anuncia-el-cierre-de-su-ronda-de-pre-semilla-para-la-automatizacion-de-procesos-basada-en-la-conversacion\\\/#primaryimage\"},\"thumbnailUrl\":\"https:\\\/\\\/processtalks.com\\\/wp-content\\\/uploads\\\/2022\\\/11\\\/img28.jpg\",\"articleSection\":[\"Uncategorized @ca\"],\"inLanguage\":\"ca\"},{\"@type\":\"WebPage\",\"@id\":\"https:\\\/\\\/processtalks.com\\\/process-talks-anuncia-el-cierre-de-su-ronda-de-pre-semilla-para-la-automatizacion-de-procesos-basada-en-la-conversacion\\\/\",\"url\":\"https:\\\/\\\/processtalks.com\\\/process-talks-anuncia-el-cierre-de-su-ronda-de-pre-semilla-para-la-automatizacion-de-procesos-basada-en-la-conversacion\\\/\",\"name\":\"Process Talks anuncia el tancament de la seva ronda pr\u00e8via per a l'automatitzaci\u00f3 de processos basada en converses - Process Talks\",\"isPartOf\":{\"@id\":\"https:\\\/\\\/processtalks.com\\\/#website\"},\"primaryImageOfPage\":{\"@id\":\"https:\\\/\\\/processtalks.com\\\/process-talks-anuncia-el-cierre-de-su-ronda-de-pre-semilla-para-la-automatizacion-de-procesos-basada-en-la-conversacion\\\/#primaryimage\"},\"image\":{\"@id\":\"https:\\\/\\\/processtalks.com\\\/process-talks-anuncia-el-cierre-de-su-ronda-de-pre-semilla-para-la-automatizacion-de-procesos-basada-en-la-conversacion\\\/#primaryimage\"},\"thumbnailUrl\":\"https:\\\/\\\/processtalks.com\\\/wp-content\\\/uploads\\\/2022\\\/11\\\/img28.jpg\",\"datePublished\":\"2022-06-16T17:42:34+00:00\",\"dateModified\":\"2023-01-03T14:59:57+00:00\",\"description\":\"Process Talks anuncia el tancament de la seva ronda pr\u00e8via per a l'automatitzaci\u00f3 de processos basada en converses\",\"breadcrumb\":{\"@id\":\"https:\\\/\\\/processtalks.com\\\/process-talks-anuncia-el-cierre-de-su-ronda-de-pre-semilla-para-la-automatizacion-de-procesos-basada-en-la-conversacion\\\/#breadcrumb\"},\"inLanguage\":\"ca\",\"potentialAction\":[{\"@type\":\"ReadAction\",\"target\":[\"https:\\\/\\\/processtalks.com\\\/process-talks-anuncia-el-cierre-de-su-ronda-de-pre-semilla-para-la-automatizacion-de-procesos-basada-en-la-conversacion\\\/\"]}]},{\"@type\":\"ImageObject\",\"inLanguage\":\"ca\",\"@id\":\"https:\\\/\\\/processtalks.com\\\/process-talks-anuncia-el-cierre-de-su-ronda-de-pre-semilla-para-la-automatizacion-de-procesos-basada-en-la-conversacion\\\/#primaryimage\",\"url\":\"https:\\\/\\\/processtalks.com\\\/wp-content\\\/uploads\\\/2022\\\/11\\\/img28.jpg\",\"contentUrl\":\"https:\\\/\\\/processtalks.com\\\/wp-content\\\/uploads\\\/2022\\\/11\\\/img28.jpg\",\"width\":1606,\"height\":1074,\"caption\":\"Process Talks Announces the Closing of its Pre-seed Round for Conversation-based Process Automation blog post\"},{\"@type\":\"BreadcrumbList\",\"@id\":\"https:\\\/\\\/processtalks.com\\\/process-talks-anuncia-el-cierre-de-su-ronda-de-pre-semilla-para-la-automatizacion-de-procesos-basada-en-la-conversacion\\\/#breadcrumb\",\"itemListElement\":[{\"@type\":\"ListItem\",\"position\":1,\"name\":\"Home\",\"item\":\"https:\\\/\\\/processtalks.com\\\/\"},{\"@type\":\"ListItem\",\"position\":2,\"name\":\"Process Talks anuncia el tancament de la seva ronda pr\u00e8via per a l&#8217;automatitzaci\u00f3 de processos basada en converses\"}]},{\"@type\":\"WebSite\",\"@id\":\"https:\\\/\\\/processtalks.com\\\/#website\",\"url\":\"https:\\\/\\\/processtalks.com\\\/\",\"name\":\"Process Talks\",\"description\":\"Automate your daily office workflows with an engine based on natural language interaction.\",\"publisher\":{\"@id\":\"https:\\\/\\\/processtalks.com\\\/#organization\"},\"potentialAction\":[{\"@type\":\"SearchAction\",\"target\":{\"@type\":\"EntryPoint\",\"urlTemplate\":\"https:\\\/\\\/processtalks.com\\\/?s={search_term_string}\"},\"query-input\":{\"@type\":\"PropertyValueSpecification\",\"valueRequired\":true,\"valueName\":\"search_term_string\"}}],\"inLanguage\":\"ca\"},{\"@type\":\"Organization\",\"@id\":\"https:\\\/\\\/processtalks.com\\\/#organization\",\"name\":\"Process Talks\",\"url\":\"https:\\\/\\\/processtalks.com\\\/\",\"logo\":{\"@type\":\"ImageObject\",\"inLanguage\":\"ca\",\"@id\":\"https:\\\/\\\/processtalks.com\\\/#\\\/schema\\\/logo\\\/image\\\/\",\"url\":\"https:\\\/\\\/processtalks.com\\\/wp-content\\\/uploads\\\/2022\\\/08\\\/white-logo.png\",\"contentUrl\":\"https:\\\/\\\/processtalks.com\\\/wp-content\\\/uploads\\\/2022\\\/08\\\/white-logo.png\",\"width\":768,\"height\":238,\"caption\":\"Process Talks\"},\"image\":{\"@id\":\"https:\\\/\\\/processtalks.com\\\/#\\\/schema\\\/logo\\\/image\\\/\"}},{\"@type\":\"Person\",\"@id\":\"https:\\\/\\\/processtalks.com\\\/#\\\/schema\\\/person\\\/fa4d5a416a5d88d77b957a359148b1a1\",\"name\":\"web-designer\",\"image\":{\"@type\":\"ImageObject\",\"inLanguage\":\"ca\",\"@id\":\"https:\\\/\\\/secure.gravatar.com\\\/avatar\\\/d27d450c0cf5599e776e61c8cd4a50679e849cf6c6184ab991590969dda10f52?s=96&d=mm&r=g\",\"url\":\"https:\\\/\\\/secure.gravatar.com\\\/avatar\\\/d27d450c0cf5599e776e61c8cd4a50679e849cf6c6184ab991590969dda10f52?s=96&d=mm&r=g\",\"contentUrl\":\"https:\\\/\\\/secure.gravatar.com\\\/avatar\\\/d27d450c0cf5599e776e61c8cd4a50679e849cf6c6184ab991590969dda10f52?s=96&d=mm&r=g\",\"caption\":\"web-designer\"}}]}<\/script>\n<!-- \/ Yoast SEO plugin. -->","yoast_head_json":{"title":"Process Talks anuncia el tancament de la seva ronda pr\u00e8via per a l'automatitzaci\u00f3 de processos basada en converses - Process Talks","description":"Process Talks anuncia el tancament de la seva ronda pr\u00e8via per a l'automatitzaci\u00f3 de processos basada en converses","robots":{"index":"index","follow":"follow","max-snippet":"max-snippet:-1","max-image-preview":"max-image-preview:large","max-video-preview":"max-video-preview:-1"},"canonical":"https:\/\/processtalks.com\/process-talks-anuncia-el-cierre-de-su-ronda-de-pre-semilla-para-la-automatizacion-de-procesos-basada-en-la-conversacion\/","og_locale":"ca_ES","og_type":"article","og_title":"Process Talks anuncia el tancament de la seva ronda pr\u00e8via per a l'automatitzaci\u00f3 de processos basada en converses - Process Talks","og_description":"Process Talks anuncia el tancament de la seva ronda pr\u00e8via per a l'automatitzaci\u00f3 de processos basada en converses","og_url":"https:\/\/processtalks.com\/process-talks-anuncia-el-cierre-de-su-ronda-de-pre-semilla-para-la-automatizacion-de-procesos-basada-en-la-conversacion\/","og_site_name":"Process Talks","article_published_time":"2022-06-16T17:42:34+00:00","article_modified_time":"2023-01-03T14:59:57+00:00","og_image":[{"width":1606,"height":1074,"url":"https:\/\/processtalks.com\/wp-content\/uploads\/2022\/11\/img28.jpg","type":"image\/jpeg"}],"author":"web-designer","twitter_card":"summary_large_image","twitter_misc":{"Escrit per":"web-designer","Temps estimat de lectura":"2 minuts"},"schema":{"@context":"https:\/\/schema.org","@graph":[{"@type":"Article","@id":"https:\/\/processtalks.com\/process-talks-anuncia-el-cierre-de-su-ronda-de-pre-semilla-para-la-automatizacion-de-procesos-basada-en-la-conversacion\/#article","isPartOf":{"@id":"https:\/\/processtalks.com\/process-talks-anuncia-el-cierre-de-su-ronda-de-pre-semilla-para-la-automatizacion-de-procesos-basada-en-la-conversacion\/"},"author":{"name":"web-designer","@id":"https:\/\/processtalks.com\/#\/schema\/person\/fa4d5a416a5d88d77b957a359148b1a1"},"headline":"Process Talks anuncia el tancament de la seva ronda pr\u00e8via per a l&#8217;automatitzaci\u00f3 de processos basada en converses","datePublished":"2022-06-16T17:42:34+00:00","dateModified":"2023-01-03T14:59:57+00:00","mainEntityOfPage":{"@id":"https:\/\/processtalks.com\/process-talks-anuncia-el-cierre-de-su-ronda-de-pre-semilla-para-la-automatizacion-de-procesos-basada-en-la-conversacion\/"},"wordCount":268,"publisher":{"@id":"https:\/\/processtalks.com\/#organization"},"image":{"@id":"https:\/\/processtalks.com\/process-talks-anuncia-el-cierre-de-su-ronda-de-pre-semilla-para-la-automatizacion-de-procesos-basada-en-la-conversacion\/#primaryimage"},"thumbnailUrl":"https:\/\/processtalks.com\/wp-content\/uploads\/2022\/11\/img28.jpg","articleSection":["Uncategorized @ca"],"inLanguage":"ca"},{"@type":"WebPage","@id":"https:\/\/processtalks.com\/process-talks-anuncia-el-cierre-de-su-ronda-de-pre-semilla-para-la-automatizacion-de-procesos-basada-en-la-conversacion\/","url":"https:\/\/processtalks.com\/process-talks-anuncia-el-cierre-de-su-ronda-de-pre-semilla-para-la-automatizacion-de-procesos-basada-en-la-conversacion\/","name":"Process Talks anuncia el tancament de la seva ronda pr\u00e8via per a l'automatitzaci\u00f3 de processos basada en converses - Process Talks","isPartOf":{"@id":"https:\/\/processtalks.com\/#website"},"primaryImageOfPage":{"@id":"https:\/\/processtalks.com\/process-talks-anuncia-el-cierre-de-su-ronda-de-pre-semilla-para-la-automatizacion-de-procesos-basada-en-la-conversacion\/#primaryimage"},"image":{"@id":"https:\/\/processtalks.com\/process-talks-anuncia-el-cierre-de-su-ronda-de-pre-semilla-para-la-automatizacion-de-procesos-basada-en-la-conversacion\/#primaryimage"},"thumbnailUrl":"https:\/\/processtalks.com\/wp-content\/uploads\/2022\/11\/img28.jpg","datePublished":"2022-06-16T17:42:34+00:00","dateModified":"2023-01-03T14:59:57+00:00","description":"Process Talks anuncia el tancament de la seva ronda pr\u00e8via per a l'automatitzaci\u00f3 de processos basada en converses","breadcrumb":{"@id":"https:\/\/processtalks.com\/process-talks-anuncia-el-cierre-de-su-ronda-de-pre-semilla-para-la-automatizacion-de-procesos-basada-en-la-conversacion\/#breadcrumb"},"inLanguage":"ca","potentialAction":[{"@type":"ReadAction","target":["https:\/\/processtalks.com\/process-talks-anuncia-el-cierre-de-su-ronda-de-pre-semilla-para-la-automatizacion-de-procesos-basada-en-la-conversacion\/"]}]},{"@type":"ImageObject","inLanguage":"ca","@id":"https:\/\/processtalks.com\/process-talks-anuncia-el-cierre-de-su-ronda-de-pre-semilla-para-la-automatizacion-de-procesos-basada-en-la-conversacion\/#primaryimage","url":"https:\/\/processtalks.com\/wp-content\/uploads\/2022\/11\/img28.jpg","contentUrl":"https:\/\/processtalks.com\/wp-content\/uploads\/2022\/11\/img28.jpg","width":1606,"height":1074,"caption":"Process Talks Announces the Closing of its Pre-seed Round for Conversation-based Process Automation blog post"},{"@type":"BreadcrumbList","@id":"https:\/\/processtalks.com\/process-talks-anuncia-el-cierre-de-su-ronda-de-pre-semilla-para-la-automatizacion-de-procesos-basada-en-la-conversacion\/#breadcrumb","itemListElement":[{"@type":"ListItem","position":1,"name":"Home","item":"https:\/\/processtalks.com\/"},{"@type":"ListItem","position":2,"name":"Process Talks anuncia el tancament de la seva ronda pr\u00e8via per a l&#8217;automatitzaci\u00f3 de processos basada en converses"}]},{"@type":"WebSite","@id":"https:\/\/processtalks.com\/#website","url":"https:\/\/processtalks.com\/","name":"Process Talks","description":"Automate your daily office workflows with an engine based on natural language interaction.","publisher":{"@id":"https:\/\/processtalks.com\/#organization"},"potentialAction":[{"@type":"SearchAction","target":{"@type":"EntryPoint","urlTemplate":"https:\/\/processtalks.com\/?s={search_term_string}"},"query-input":{"@type":"PropertyValueSpecification","valueRequired":true,"valueName":"search_term_string"}}],"inLanguage":"ca"},{"@type":"Organization","@id":"https:\/\/processtalks.com\/#organization","name":"Process Talks","url":"https:\/\/processtalks.com\/","logo":{"@type":"ImageObject","inLanguage":"ca","@id":"https:\/\/processtalks.com\/#\/schema\/logo\/image\/","url":"https:\/\/processtalks.com\/wp-content\/uploads\/2022\/08\/white-logo.png","contentUrl":"https:\/\/processtalks.com\/wp-content\/uploads\/2022\/08\/white-logo.png","width":768,"height":238,"caption":"Process Talks"},"image":{"@id":"https:\/\/processtalks.com\/#\/schema\/logo\/image\/"}},{"@type":"Person","@id":"https:\/\/processtalks.com\/#\/schema\/person\/fa4d5a416a5d88d77b957a359148b1a1","name":"web-designer","image":{"@type":"ImageObject","inLanguage":"ca","@id":"https:\/\/secure.gravatar.com\/avatar\/d27d450c0cf5599e776e61c8cd4a50679e849cf6c6184ab991590969dda10f52?s=96&d=mm&r=g","url":"https:\/\/secure.gravatar.com\/avatar\/d27d450c0cf5599e776e61c8cd4a50679e849cf6c6184ab991590969dda10f52?s=96&d=mm&r=g","contentUrl":"https:\/\/secure.gravatar.com\/avatar\/d27d450c0cf5599e776e61c8cd4a50679e849cf6c6184ab991590969dda10f52?s=96&d=mm&r=g","caption":"web-designer"}}]}},"_links":{"self":[{"href":"https:\/\/processtalks.com\/ca\/wp-json\/wp\/v2\/posts\/3779","targetHints":{"allow":["GET"]}}],"collection":[{"href":"https:\/\/processtalks.com\/ca\/wp-json\/wp\/v2\/posts"}],"about":[{"href":"https:\/\/processtalks.com\/ca\/wp-json\/wp\/v2\/types\/post"}],"author":[{"embeddable":true,"href":"https:\/\/processtalks.com\/ca\/wp-json\/wp\/v2\/users\/14"}],"replies":[{"embeddable":true,"href":"https:\/\/processtalks.com\/ca\/wp-json\/wp\/v2\/comments?post=3779"}],"version-history":[{"count":4,"href":"https:\/\/processtalks.com\/ca\/wp-json\/wp\/v2\/posts\/3779\/revisions"}],"predecessor-version":[{"id":4416,"href":"https:\/\/processtalks.com\/ca\/wp-json\/wp\/v2\/posts\/3779\/revisions\/4416"}],"wp:featuredmedia":[{"embeddable":true,"href":"https:\/\/processtalks.com\/ca\/wp-json\/wp\/v2\/media\/3629"}],"wp:attachment":[{"href":"https:\/\/processtalks.com\/ca\/wp-json\/wp\/v2\/media?parent=3779"}],"wp:term":[{"taxonomy":"category","embeddable":true,"href":"https:\/\/processtalks.com\/ca\/wp-json\/wp\/v2\/categories?post=3779"},{"taxonomy":"post_tag","embeddable":true,"href":"https:\/\/processtalks.com\/ca\/wp-json\/wp\/v2\/tags?post=3779"}],"curies":[{"name":"wp","href":"https:\/\/api.w.org\/{rel}","templated":true}]}}